{"id":2734,"date":"2025-10-01T13:10:21","date_gmt":"2025-10-01T13:10:21","guid":{"rendered":"https:\/\/wordpress.vecurosoft.com\/haarino\/?p=2734"},"modified":"2026-04-23T23:23:56","modified_gmt":"2026-04-23T23:23:56","slug":"inauguracao-segunda-unidade-capelli-concetto-no-bairro-rudge-ramos-em-sao-bernardo-do-campo","status":"publish","type":"post","link":"https:\/\/capelliconcetto.com.br\/index.php\/2025\/10\/01\/inauguracao-segunda-unidade-capelli-concetto-no-bairro-rudge-ramos-em-sao-bernardo-do-campo\/","title":{"rendered":"Inaugura\u00e7\u00e3o da  Segunda Unidade Capelli Concetto no Bairro Rudge Ramos em S\u00e3o Bernardo do Campo!"},"content":{"rendered":"\n<p>\u00c9 com muita alegria que anunciamos a grande inaugura\u00e7\u00e3o da segunda unidade do Capelli Concetto, agora no cora\u00e7\u00e3o do Bairro Rudge Ramos, em S\u00e3o Bernardo do Campo! \ud83c\udf89<\/p>\n\n\n\n<p>Ap\u00f3s o sucesso e o carinho conquistado com nossa primeira unidade, sentimos que era hora de crescer e levar toda a experi\u00eancia Capelli Concetto para ainda mais pessoas que valorizam beleza, bem-estar e atendimento de excel\u00eancia. Sal\u00e3o de Beleza, cabebereiro e Barbearia no Bairro Rudge Ramos em S\u00e3o Bernardo do Campo <\/p>\n\n\n\n<p>A nova unidade foi pensada em cada detalhe para oferecer um ambiente moderno, confort\u00e1vel e cheio de estilo \u2014 do design do espa\u00e7o aos servi\u00e7os de ponta. Aqui, nossos clientes encontram tudo o que precisam para real\u00e7ar sua beleza e cuidar de si mesmos com o toque de sofistica\u00e7\u00e3o que j\u00e1 \u00e9 marca registrada do Capelli Concetto. Sal\u00e3o de Beleza, cabebereiro e Barbearia no Bairro Rudge Ramos em S\u00e3o Bernardo do Campo <\/p>\n\n\n\n<p>Contamos com uma equipe altamente qualificada, preparada para atender com todo carinho e profissionalismo em servi\u00e7os como:<br>\ud83d\udc87\u200d\u2640\ufe0f Corte e colora\u00e7\u00e3o feminina e masculina<br>\ud83d\udc85 Manicure e pedicure<br>\ud83d\udc86\u200d\u2640\ufe0f Tratamentos capilares e est\u00e9ticos<br>\ud83d\udc84 Maquiagem profissional e design de sobrancelhas<br>\ud83d\udc87 Escovas, penteados e muito mais!<\/p>\n\n\n\n<p>A inaugura\u00e7\u00e3o marca um novo cap\u00edtulo da nossa hist\u00f3ria, reafirmando nosso compromisso com a beleza, a inova\u00e7\u00e3o e a satisfa\u00e7\u00e3o dos nossos clientes.<\/p>\n\n\n\n<p>Sal\u00e3o de Beleza, cabebereiro e Barbearia no Bairro Rudge Ramos em S\u00e3o Bernardo do Campo <\/p>\n\n\n\n<p>\ud83c\udf38 Venha celebrar conosco!<br>Traga seus amigos e familiares e conhe\u00e7a o novo espa\u00e7o Capelli Concetto \u2013 um ambiente pensado para fazer voc\u00ea se sentir ainda mais incr\u00edvel.<\/p>\n\n\n\n<p>\ud83d\udccd Localiza\u00e7\u00e3o: Bairro Rudge Ramos \u2013 S\u00e3o Bernardo do Campo<br>\ud83d\udcc5 Data de inaugura\u00e7\u00e3o: 01\/10\/2025<br>\ud83c\udf81 Surpresas e condi\u00e7\u00f5es especiais de inaugura\u00e7\u00e3o!<\/p>\n\n\n\n<p>Capelli Concetto \u2014 a beleza que inspira confian\u00e7a, agora em dois endere\u00e7os!<\/p>\n\n\n\n<p>Venha conhecer Sal\u00e3o de Beleza, cabebereiro e Barbearia no Bairro Rudge Ramos em S\u00e3o Bernardo do Campo <\/p>\n\n\n\n<p><\/p>\n","protected":false},"excerpt":{"rendered":"<p>\u00c9 com muita alegria que anunciamos a grande inaugura\u00e7\u00e3o da segunda unidade do Capelli Concetto, agora no cora\u00e7\u00e3o do Bairro Rudge Ramos, em S\u00e3o Bernardo do Campo! \ud83c\udf89 Ap\u00f3s o sucesso e o carinho conquistado com nossa primeira unidade, sentimos que era hora de crescer e levar toda a experi\u00eancia Capelli Concetto para ainda mais&#8230;<\/p>\n","protected":false},"author":1,"featured_media":2712,"comment_status":"closed","ping_status":"closed","sticky":false,"template":"elementor_theme","format":"standard","meta":{"_monsterinsights_skip_tracking":false,"_monsterinsights_sitenote_active":false,"_monsterinsights_sitenote_note":"","_monsterinsights_sitenote_category":0,"footnotes":""},"categories":[1],"tags":[77,76,75,78],"class_list":["post-2734","post","type-post","status-publish","format-standard","has-post-thumbnail","hentry","category-uncategorized","tag-barbearia","tag-cabebereiro-e-barbearia-no-bairro-rudge-ramos-em-sao-bernardo-do-campo","tag-salao-de-beleza","tag-salcao-de-beleza-no-rudge-ramos","vs-blog blog-single"],"_links":{"self":[{"href":"https:\/\/capelliconcetto.com.br\/index.php\/wp-json\/wp\/v2\/posts\/2734","targetHints":{"allow":["GET"]}}],"collection":[{"href":"https:\/\/capelliconcetto.com.br\/index.php\/wp-json\/wp\/v2\/posts"}],"about":[{"href":"https:\/\/capelliconcetto.com.br\/index.php\/wp-json\/wp\/v2\/types\/post"}],"author":[{"embeddable":true,"href":"https:\/\/capelliconcetto.com.br\/index.php\/wp-json\/wp\/v2\/users\/1"}],"replies":[{"embeddable":true,"href":"https:\/\/capelliconcetto.com.br\/index.php\/wp-json\/wp\/v2\/comments?post=2734"}],"version-history":[{"count":4,"href":"https:\/\/capelliconcetto.com.br\/index.php\/wp-json\/wp\/v2\/posts\/2734\/revisions"}],"predecessor-version":[{"id":7450,"href":"https:\/\/capelliconcetto.com.br\/index.php\/wp-json\/wp\/v2\/posts\/2734\/revisions\/7450"}],"wp:featuredmedia":[{"embeddable":true,"href":"https:\/\/capelliconcetto.com.br\/index.php\/wp-json\/wp\/v2\/media\/2712"}],"wp:attachment":[{"href":"https:\/\/capelliconcetto.com.br\/index.php\/wp-json\/wp\/v2\/media?parent=2734"}],"wp:term":[{"taxonomy":"category","embeddable":true,"href":"https:\/\/capelliconcetto.com.br\/index.php\/wp-json\/wp\/v2\/categories?post=2734"},{"taxonomy":"post_tag","embeddable":true,"href":"https:\/\/capelliconcetto.com.br\/index.php\/wp-json\/wp\/v2\/tags?post=2734"}],"curies":[{"name":"wp","href":"https:\/\/api.w.org\/{rel}","templated":true}]}}