{"id":2722,"date":"2025-10-20T09:27:31","date_gmt":"2025-10-20T09:27:31","guid":{"rendered":"https:\/\/wordpress.vecurosoft.com\/haarino\/?p=2722"},"modified":"2025-10-27T20:02:18","modified_gmt":"2025-10-27T20:02:18","slug":"latin-derived-from-ciceros-1st-century-bc-text-de-finibus","status":"publish","type":"post","link":"https:\/\/capelliconcetto.com.br\/index.php\/2025\/10\/20\/latin-derived-from-ciceros-1st-century-bc-text-de-finibus\/","title":{"rendered":"Unidade Tabo\u00e3o: Sucesso, Estilo e Atendimento que Encantam S\u00e3o Bernardo do Campo, Capelli Concetto"},"content":{"rendered":"\n<p>O sussesso continua antes mesmo da chegada da nova unidade no Rudge Ramos, o nome Capelli Concetto j\u00e1 era sin\u00f4nimo de beleza, eleg\u00e2ncia e atendimento de excel\u00eancia em S\u00e3o Bernardo do Campo. Tudo come\u00e7ou no Bairro Tabo\u00e3o, onde nasceu a primeira unidade \u2014 um espa\u00e7o criado com muito carinho para oferecer experi\u00eancias \u00fanicas e resultados que surpreendem. Sal\u00e3o de Beleza e barbearia na avenida tabo\u00e3o em S\u00e3o Bernardo do Campo<\/p>\n\n\n\n<p>Desde a inaugura\u00e7\u00e3o, o Capelli Concetto Tabo\u00e3o vem conquistando clientes de toda a regi\u00e3o com seu atendimento humanizado, equipe altamente qualificada e ambiente acolhedor, onde cada detalhe foi pensado para fazer com que todos se sintam especiais. Sal\u00e3o de Beleza e barbearia na avenida tabo\u00e3o em S\u00e3o Bernardo do Campo<\/p>\n\n\n\n<p>\ud83d\udc87\u200d\u2640\ufe0f Aqui, cada corte, colora\u00e7\u00e3o ou tratamento \u00e9 feito com t\u00e9cnica, cuidado e paix\u00e3o.<br>\ud83d\udc85 Cada cliente \u00e9 recebido com aten\u00e7\u00e3o e respeito, como parte da nossa fam\u00edlia.<br>\ud83d\udc86\u200d\u2640\ufe0f E cada visita se transforma em um momento de relaxamento, autoestima e confian\u00e7a.<\/p>\n\n\n\n<p>O sucesso da primeira unidade \u00e9 resultado de um trabalho feito com amor, dedica\u00e7\u00e3o e o compromisso de entregar resultados impec\u00e1veis e experi\u00eancias memor\u00e1veis. Com o tempo, o sal\u00e3o se consolidou como refer\u00eancia em beleza e bem-estar no bairro e em toda a cidade de S\u00e3o Bernardo do Campo.<\/p>\n\n\n\n<p>Hoje, o Capelli Concetto Tabo\u00e3o continua sendo o ponto de encontro de quem busca o melhor da beleza \u2014 e tamb\u00e9m a inspira\u00e7\u00e3o para a expans\u00e3o da marca, com a inaugura\u00e7\u00e3o da nova unidade no Rudge Ramos. Sal\u00e3o de Beleza e barbearia na avenida tabo\u00e3o em S\u00e3o Bernardo do Campo<\/p>\n\n\n\n<p>\ud83c\udf38 Capelli Concetto Tabo\u00e3o \u2014 onde tudo come\u00e7ou, e onde a beleza continua sendo nossa maior paix\u00e3o!<\/p>\n\n\n\n<p>\ud83d\udccd Endere\u00e7o: Av. do Tabo\u00e3o n\u00b03.611 (dentro do SuperMercado Bem Barato) S\u00e3o Bernardo do Campo<br>\ud83d\udcde Agende seu hor\u00e1rio: <a href=\"tel:(11)963581481\">(11) 96358-1481<\/a><\/p>\n\n\n\n<figure class=\"wp-block-image\"><img decoding=\"async\" src=\"https:\/\/capelliconcetto.com.br\/wp-content\/uploads\/2021\/09\/blog-s-1-5.jpg\" alt=\"\"\/><\/figure>\n\n\n\n<h2 class=\"wp-block-heading\">Sal\u00e3o de Beleza e Barbearia <\/h2>\n\n\n\n<p>Sal\u00e3o de Beleza e barbearia na avenida tabo\u00e3o em S\u00e3o Bernardo do Campo<\/p>\n","protected":false},"excerpt":{"rendered":"<p>O sussesso continua antes mesmo da chegada da nova unidade no Rudge Ramos, o nome Capelli Concetto j\u00e1 era sin\u00f4nimo de beleza, eleg\u00e2ncia e atendimento de excel\u00eancia em S\u00e3o Bernardo do Campo. Tudo come\u00e7ou no Bairro Tabo\u00e3o, onde nasceu a primeira unidade \u2014 um espa\u00e7o criado com muito carinho para oferecer experi\u00eancias \u00fanicas e resultados&#8230;<\/p>\n","protected":false},"author":1,"featured_media":2713,"comment_status":"closed","ping_status":"closed","sticky":false,"template":"","format":"standard","meta":{"_monsterinsights_skip_tracking":false,"_monsterinsights_sitenote_active":false,"_monsterinsights_sitenote_note":"","_monsterinsights_sitenote_category":0,"footnotes":""},"categories":[1],"tags":[85,77,83,84,79,86,81,82,80],"class_list":["post-2722","post","type-post","status-publish","format-standard","has-post-thumbnail","hentry","category-uncategorized","tag-bairro-rudge-ramos","tag-barbearia","tag-corte-feminino","tag-corte-masculino","tag-salcao-de-beleza","tag-salcao-rudge-ramos","tag-sao-bernardo-do-campo","tag-sbc-av-taboao","tag-taboao","vs-blog blog-single"],"_links":{"self":[{"href":"https:\/\/capelliconcetto.com.br\/index.php\/wp-json\/wp\/v2\/posts\/2722","targetHints":{"allow":["GET"]}}],"collection":[{"href":"https:\/\/capelliconcetto.com.br\/index.php\/wp-json\/wp\/v2\/posts"}],"about":[{"href":"https:\/\/capelliconcetto.com.br\/index.php\/wp-json\/wp\/v2\/types\/post"}],"author":[{"embeddable":true,"href":"https:\/\/capelliconcetto.com.br\/index.php\/wp-json\/wp\/v2\/users\/1"}],"replies":[{"embeddable":true,"href":"https:\/\/capelliconcetto.com.br\/index.php\/wp-json\/wp\/v2\/comments?post=2722"}],"version-history":[{"count":3,"href":"https:\/\/capelliconcetto.com.br\/index.php\/wp-json\/wp\/v2\/posts\/2722\/revisions"}],"predecessor-version":[{"id":7455,"href":"https:\/\/capelliconcetto.com.br\/index.php\/wp-json\/wp\/v2\/posts\/2722\/revisions\/7455"}],"wp:featuredmedia":[{"embeddable":true,"href":"https:\/\/capelliconcetto.com.br\/index.php\/wp-json\/wp\/v2\/media\/2713"}],"wp:attachment":[{"href":"https:\/\/capelliconcetto.com.br\/index.php\/wp-json\/wp\/v2\/media?parent=2722"}],"wp:term":[{"taxonomy":"category","embeddable":true,"href":"https:\/\/capelliconcetto.com.br\/index.php\/wp-json\/wp\/v2\/categories?post=2722"},{"taxonomy":"post_tag","embeddable":true,"href":"https:\/\/capelliconcetto.com.br\/index.php\/wp-json\/wp\/v2\/tags?post=2722"}],"curies":[{"name":"wp","href":"https:\/\/api.w.org\/{rel}","templated":true}]}}