{"id":2720,"date":"2025-10-21T09:26:02","date_gmt":"2025-10-21T09:26:02","guid":{"rendered":"https:\/\/wordpress.vecurosoft.com\/haarino\/?p=2720"},"modified":"2025-10-27T20:01:52","modified_gmt":"2025-10-27T20:01:52","slug":"until-recently-the-prevailing-view-lorem-ipsum-was-born-as-a","status":"publish","type":"post","link":"https:\/\/capelliconcetto.com.br\/index.php\/2025\/10\/21\/until-recently-the-prevailing-view-lorem-ipsum-was-born-as-a\/","title":{"rendered":"Capelli Concetto: Sucesso no Tabo\u00e3o e Super Inaugura\u00e7\u00e3o da Nova Unidade no Rudge Ramos!"},"content":{"rendered":"\n<p>A Capelli Concetto est\u00e1 em festa! Com muito orgulho e gratid\u00e3o, anunciamos a super inaugura\u00e7\u00e3o da nossa segunda unidade, agora no charmoso Bairro Rudge Ramos, em S\u00e3o Bernardo do Campo.<br>Mas antes de celebrar esse novo cap\u00edtulo, \u00e9 imposs\u00edvel n\u00e3o lembrar onde tudo come\u00e7ou: no Bairro Tabo\u00e3o, com a primeira unidade que conquistou cora\u00e7\u00f5es e se tornou refer\u00eancia em beleza, estilo e atendimento de excel\u00eancia.<\/p>\n\n\n\n<p>Capelli Concetto Tabo\u00e3o \u2014 Onde Tudo Come\u00e7ou<\/p>\n\n\n\n<p>Inaugurada com o prop\u00f3sito de unir qualidade, sofistica\u00e7\u00e3o e bem-estar, a primeira unidade da Capelli Concetto no Tabo\u00e3o rapidamente se destacou como um dos sal\u00f5es mais queridos de S\u00e3o Bernardo do Campo.<\/p>\n\n\n\n<p>Com um ambiente moderno e acolhedor, uma equipe altamente capacitada e o compromisso de oferecer experi\u00eancias \u00fanicas, o sal\u00e3o se consolidou como sin\u00f4nimo de confian\u00e7a e excel\u00eancia.<br>Aqui, cada cliente \u00e9 tratado com aten\u00e7\u00e3o e carinho, cada servi\u00e7o \u00e9 executado com t\u00e9cnica e dedica\u00e7\u00e3o, e cada visita se transforma em um verdadeiro momento de cuidado e autoestima.<\/p>\n\n\n\n<p>O sucesso da unidade do Tabo\u00e3o foi constru\u00eddo com trabalho, paix\u00e3o e muita conex\u00e3o com nossos clientes \u2014 e \u00e9 justamente esse sucesso que inspirou a expans\u00e3o da marca.<\/p>\n\n\n\n<p>\ud83c\udf1f Nova Unidade Capelli Concetto \u2014 Rudge Ramos<\/p>\n\n\n\n<p>Agora, \u00e9 hora de crescer e levar a experi\u00eancia Capelli Concetto para ainda mais pessoas!<br>A nova unidade, localizada no Bairro Rudge Ramos, foi planejada nos m\u00ednimos detalhes para oferecer um espa\u00e7o ainda mais moderno, elegante e confort\u00e1vel, mantendo o mesmo padr\u00e3o de atendimento e qualidade que j\u00e1 \u00e9 marca registrada da Capelli Concetto.<\/p>\n\n\n\n<p>Com uma estrutura sofisticada e os melhores profissionais da \u00e1rea, o novo sal\u00e3o conta com uma ampla gama de servi\u00e7os:<br>\ud83d\udc87\u200d\u2640\ufe0f Corte e colora\u00e7\u00e3o feminina e masculina<br>\ud83d\udc86\u200d\u2640\ufe0f Tratamentos capilares e est\u00e9ticos<br>\ud83d\udc85 Manicure e pedicure<br>\ud83d\udc84 Maquiagem profissional<br>\ud83d\udc87 Escovas, penteados e muito mais!<\/p>\n\n\n\n<p>A inaugura\u00e7\u00e3o celebra um novo momento da nossa hist\u00f3ria, reafirmando o compromisso da Capelli Concetto em entregar beleza, bem-estar e experi\u00eancias inesquec\u00edveis a cada cliente que entra em nossas portas.<\/p>\n\n\n\n<p>\ud83c\udf89 Venha Celebrar Com a Gente!<\/p>\n\n\n\n<p>Traga seus amigos e familiares para conhecer o novo espa\u00e7o no Rudge Ramos e descubra por que o Capelli Concetto \u00e9 muito mais que um sal\u00e3o \u2014 \u00e9 um conceito de beleza e cuidado que transforma vidas todos os dias.<\/p>\n\n\n\n<p>\ud83d\udccd Unidade Tabo\u00e3o: Av. do Tabo\u00e3o n\u00b03.611 (dentro do SuperMercado Bem Barato) em S\u00e3o Bernardo do Campo<br>\ud83d\udcde Agende seu hor\u00e1rio: (11) 96358-1481<\/p>\n\n\n\n<p>\ud83d\udccd Nova Unidade Rudge Ramos: Av. Senador Vergueiro, 4527 (dentro do Mercado Bem Barrato) em S\u00e3o Bernardo do Campo<br>\ud83d\udcde Agende seu hor\u00e1rio: (11) 94471-7141<\/p>\n\n\n\n<p>\u2728 Capelli Concetto \u2014 A Beleza que Inspira Confian\u00e7a, Agora em Duas Unidades!<\/p>\n\n\n\n<p><\/p>\n\n\n\n<p><\/p>\n\n\n\n<figure class=\"wp-block-image\"><img decoding=\"async\" src=\"https:\/\/capelliconcetto.com.br\/wp-content\/uploads\/2021\/09\/blog-s-1-5.jpg\" alt=\"image\"\/><\/figure>\n\n\n\n<h2 class=\"wp-block-heading\">Capelli Concetto: Sucesso no Tabo\u00e3o e Super Inaugura\u00e7\u00e3o da Nova Unidade no Rudge Ramos!<\/h2>\n\n\n\n<p><\/p>\n","protected":false},"excerpt":{"rendered":"<p>A Capelli Concetto est\u00e1 em festa! Com muito orgulho e gratid\u00e3o, anunciamos a super inaugura\u00e7\u00e3o da nossa segunda unidade, agora no charmoso Bairro Rudge Ramos, em S\u00e3o Bernardo do Campo.Mas antes de celebrar esse novo cap\u00edtulo, \u00e9 imposs\u00edvel n\u00e3o lembrar onde tudo come\u00e7ou: no Bairro Tabo\u00e3o, com a primeira unidade que conquistou cora\u00e7\u00f5es e se&#8230;<\/p>\n","protected":false},"author":1,"featured_media":2714,"comment_status":"closed","ping_status":"closed","sticky":false,"template":"","format":"standard","meta":{"_monsterinsights_skip_tracking":false,"_monsterinsights_sitenote_active":false,"_monsterinsights_sitenote_note":"","_monsterinsights_sitenote_category":0,"footnotes":""},"categories":[1],"tags":[85,77,83,84,79,86,81,82,80],"class_list":["post-2720","post","type-post","status-publish","format-standard","has-post-thumbnail","hentry","category-uncategorized","tag-bairro-rudge-ramos","tag-barbearia","tag-corte-feminino","tag-corte-masculino","tag-salcao-de-beleza","tag-salcao-rudge-ramos","tag-sao-bernardo-do-campo","tag-sbc-av-taboao","tag-taboao","vs-blog blog-single"],"_links":{"self":[{"href":"https:\/\/capelliconcetto.com.br\/index.php\/wp-json\/wp\/v2\/posts\/2720","targetHints":{"allow":["GET"]}}],"collection":[{"href":"https:\/\/capelliconcetto.com.br\/index.php\/wp-json\/wp\/v2\/posts"}],"about":[{"href":"https:\/\/capelliconcetto.com.br\/index.php\/wp-json\/wp\/v2\/types\/post"}],"author":[{"embeddable":true,"href":"https:\/\/capelliconcetto.com.br\/index.php\/wp-json\/wp\/v2\/users\/1"}],"replies":[{"embeddable":true,"href":"https:\/\/capelliconcetto.com.br\/index.php\/wp-json\/wp\/v2\/comments?post=2720"}],"version-history":[{"count":2,"href":"https:\/\/capelliconcetto.com.br\/index.php\/wp-json\/wp\/v2\/posts\/2720\/revisions"}],"predecessor-version":[{"id":7457,"href":"https:\/\/capelliconcetto.com.br\/index.php\/wp-json\/wp\/v2\/posts\/2720\/revisions\/7457"}],"wp:featuredmedia":[{"embeddable":true,"href":"https:\/\/capelliconcetto.com.br\/index.php\/wp-json\/wp\/v2\/media\/2714"}],"wp:attachment":[{"href":"https:\/\/capelliconcetto.com.br\/index.php\/wp-json\/wp\/v2\/media?parent=2720"}],"wp:term":[{"taxonomy":"category","embeddable":true,"href":"https:\/\/capelliconcetto.com.br\/index.php\/wp-json\/wp\/v2\/categories?post=2720"},{"taxonomy":"post_tag","embeddable":true,"href":"https:\/\/capelliconcetto.com.br\/index.php\/wp-json\/wp\/v2\/tags?post=2720"}],"curies":[{"name":"wp","href":"https:\/\/api.w.org\/{rel}","templated":true}]}}